{"id":4848,"date":"2025-10-12T22:20:12","date_gmt":"2025-10-12T22:20:12","guid":{"rendered":"https:\/\/spprzysieki.pl\/?p=4848"},"modified":"2025-10-27T22:20:44","modified_gmt":"2025-10-27T22:20:44","slug":"jezyki-otwieraja-drzwi-do-swiata","status":"publish","type":"post","link":"http:\/\/spprzysieki.pl\/?p=4848","title":{"rendered":"\u201eJ\u0119zyki otwieraj\u0105 drzwi do \u015bwiata\u201d"},"content":{"rendered":"<div dir=\"auto\" style=\"text-align: justify;\">Pod tym has\u0142em odby\u0142 si\u0119 dzisiaj Dzie\u0144 J\u0119zyk\u00f3w Obcych.<\/div>\n<div dir=\"auto\" style=\"text-align: justify;\">Celem organizacji tego wydarzenia by\u0142o zapoznawanie dzieci z kultur\u0105 kraj\u00f3w obcoj\u0119zycznych i rozwijanie wra\u017cliwo\u015bci j\u0119zykowej. Uczniowie klas I-VIII przygotowali stoiska w sali gimnastycznej zwi\u0105zane z wybranym losowo krajem.<\/div>\n<div dir=\"auto\" style=\"text-align: justify;\">Klasa pierwsza zabra\u0142a nas w podr\u00f3\u017c do Austrii, uczniowie klasy drugiej do Irlandii, klasy trzeciej do Hiszpanii, czwartej do Szwecji, pi\u0105tej do Danii, sz\u00f3stej do Belgii, si\u00f3dmej do Czech oraz \u00f3smej do Holandii.<\/div>\n<div dir=\"auto\" style=\"text-align: justify;\">Mieli\u015bmy okazj\u0119 nie tylko us\u0142ysze\u0107 ciekawostki dotycz\u0105ce tych kraj\u00f3w, podziwia\u0107 stroje ludowe, ale r\u00f3wnie\u017c skosztowa\u0107 tradycyjne potrawy wywodz\u0105ce si\u0119 z prezentowanych kraj\u00f3w. W tym roku zobaczyli\u015bmy tak\u017ce taniec flamenco i tradycyjny taniec irlandzki oraz ogl\u0105dali\u015bmy inscenizacj\u0119 bitwy Wiking\u00f3w. Nie zabrak\u0142o piosenek w j\u0119zykach , kt\u00f3rych uczymy si\u0119 w naszej szkole. Oddzia\u0142y przedszkolne Motylki i S\u0142oneczka wraz z klas\u0105 I za\u015bpiewa\u0142y piosenk\u0119 Finger Family, klasy II-VIII Hello to all the children of the world oraz Shake it out, a klasa VII i VIII Die H\u00e4nde rauf und runter.<\/div>\n<div dir=\"auto\" style=\"text-align: justify;\">Dzi\u0119kujemy uczniom, rodzicom oraz wychowawcom za zaanga\u017cowanie w przygotowanie tego niezwyk\u0142ego wydarzenia.<\/div>\n<div dir=\"auto\">Dzi\u0119kujemy Radzie Rodzic\u00f3w za ufundowanie drobnych podarunk\u00f3w dla dzieci.<\/p>\n<div class=\"yj6qo\" style=\"text-align: justify;\">&nbsp;<\/div>\n<div class=\"adL\" style=\"text-align: justify;\">&nbsp;<\/div>\n<\/div>\n","protected":false},"excerpt":{"rendered":"<p>Pod tym has\u0142em odby\u0142 si\u0119 dzisiaj Dzie\u0144 J\u0119zyk\u00f3w Obcych. Celem organizacji tego wydarzenia by\u0142o zapoznawanie dzieci z kultur\u0105 kraj\u00f3w obcoj\u0119zycznych i rozwijanie wra\u017cliwo\u015bci j\u0119zykowej. Uczniowie klas I-VIII przygotowali stoiska w sali gimnastycznej zwi\u0105zane z wybranym losowo krajem. Klasa pierwsza zabra\u0142a nas w podr\u00f3\u017c do Austrii, uczniowie klasy drugiej do Irlandii, klasy trzeciej do Hiszpanii, czwartej &hellip; <\/p>\n<p><a class=\"more-link btn\" href=\"http:\/\/spprzysieki.pl\/?p=4848\">Kontynuuj czytanie<\/a><\/p>\n","protected":false},"author":1,"featured_media":0,"comment_status":"closed","ping_status":"closed","sticky":false,"template":"","format":"standard","meta":{"ngg_post_thumbnail":0},"categories":[6],"tags":[],"_links":{"self":[{"href":"http:\/\/spprzysieki.pl\/index.php?rest_route=\/wp\/v2\/posts\/4848"}],"collection":[{"href":"http:\/\/spprzysieki.pl\/index.php?rest_route=\/wp\/v2\/posts"}],"about":[{"href":"http:\/\/spprzysieki.pl\/index.php?rest_route=\/wp\/v2\/types\/post"}],"author":[{"embeddable":true,"href":"http:\/\/spprzysieki.pl\/index.php?rest_route=\/wp\/v2\/users\/1"}],"replies":[{"embeddable":true,"href":"http:\/\/spprzysieki.pl\/index.php?rest_route=%2Fwp%2Fv2%2Fcomments&post=4848"}],"version-history":[{"count":1,"href":"http:\/\/spprzysieki.pl\/index.php?rest_route=\/wp\/v2\/posts\/4848\/revisions"}],"predecessor-version":[{"id":4849,"href":"http:\/\/spprzysieki.pl\/index.php?rest_route=\/wp\/v2\/posts\/4848\/revisions\/4849"}],"wp:attachment":[{"href":"http:\/\/spprzysieki.pl\/index.php?rest_route=%2Fwp%2Fv2%2Fmedia&parent=4848"}],"wp:term":[{"taxonomy":"category","embeddable":true,"href":"http:\/\/spprzysieki.pl\/index.php?rest_route=%2Fwp%2Fv2%2Fcategories&post=4848"},{"taxonomy":"post_tag","embeddable":true,"href":"http:\/\/spprzysieki.pl\/index.php?rest_route=%2Fwp%2Fv2%2Ftags&post=4848"}],"curies":[{"name":"wp","href":"https:\/\/api.w.org\/{rel}","templated":true}]}}