{"id":4851,"date":"2025-10-16T15:41:19","date_gmt":"2025-10-16T15:41:19","guid":{"rendered":"http:\/\/spprzysieki.pl\/?p=4851"},"modified":"2025-11-16T15:41:41","modified_gmt":"2025-11-16T15:41:41","slug":"dzien-edukacji-narodowej-3","status":"publish","type":"post","link":"http:\/\/spprzysieki.pl\/?p=4851","title":{"rendered":"Dzie\u0144 Edukacji Narodowej"},"content":{"rendered":"<div><span class=\"gwp3e4fe063_font\"><span class=\"gwp3e4fe063_size\">13 pa\u017adziernika obchodzili\u015bmy w naszej szkole Dzie\u0144 Edukacji Narodowej \u2013 wyj\u0105tkowe \u015bwi\u0119to, kt\u00f3re jest wyrazem uznania i szacunku dla pracy nauczycieli i obs\u0142ugi. Nasi uczniowie przygotowali uroczyst\u0105 akademi\u0119, by wyrazi\u0107 wdzi\u0119czno\u015b\u0107 za ich codzienny trud, po\u015bwi\u0119cenie oraz pasj\u0119, kt\u00f3r\u0105 wk\u0142adaj\u0105 w kszta\u0142towanie m\u0142odych umys\u0142\u00f3w.<\/span><\/span><\/div>\n<div>&nbsp;<\/div>\n<p><!--more--><\/p>\n","protected":false},"excerpt":{"rendered":"<p>13 pa\u017adziernika obchodzili\u015bmy w naszej szkole Dzie\u0144 Edukacji Narodowej \u2013 wyj\u0105tkowe \u015bwi\u0119to, kt\u00f3re jest wyrazem uznania i szacunku dla pracy nauczycieli i obs\u0142ugi. Nasi uczniowie przygotowali uroczyst\u0105 akademi\u0119, by wyrazi\u0107 wdzi\u0119czno\u015b\u0107 za ich codzienny trud, po\u015bwi\u0119cenie oraz pasj\u0119, kt\u00f3r\u0105 wk\u0142adaj\u0105 w kszta\u0142towanie m\u0142odych umys\u0142\u00f3w. &nbsp;<\/p><p><a class=\"more-link btn\" href=\"http:\/\/spprzysieki.pl\/?p=4851\">Kontynuuj czytanie<\/a><\/p>\n","protected":false},"author":1,"featured_media":0,"comment_status":"closed","ping_status":"closed","sticky":false,"template":"","format":"standard","meta":{"ngg_post_thumbnail":0},"categories":[6],"tags":[],"_links":{"self":[{"href":"http:\/\/spprzysieki.pl\/index.php?rest_route=\/wp\/v2\/posts\/4851"}],"collection":[{"href":"http:\/\/spprzysieki.pl\/index.php?rest_route=\/wp\/v2\/posts"}],"about":[{"href":"http:\/\/spprzysieki.pl\/index.php?rest_route=\/wp\/v2\/types\/post"}],"author":[{"embeddable":true,"href":"http:\/\/spprzysieki.pl\/index.php?rest_route=\/wp\/v2\/users\/1"}],"replies":[{"embeddable":true,"href":"http:\/\/spprzysieki.pl\/index.php?rest_route=%2Fwp%2Fv2%2Fcomments&post=4851"}],"version-history":[{"count":1,"href":"http:\/\/spprzysieki.pl\/index.php?rest_route=\/wp\/v2\/posts\/4851\/revisions"}],"predecessor-version":[{"id":4852,"href":"http:\/\/spprzysieki.pl\/index.php?rest_route=\/wp\/v2\/posts\/4851\/revisions\/4852"}],"wp:attachment":[{"href":"http:\/\/spprzysieki.pl\/index.php?rest_route=%2Fwp%2Fv2%2Fmedia&parent=4851"}],"wp:term":[{"taxonomy":"category","embeddable":true,"href":"http:\/\/spprzysieki.pl\/index.php?rest_route=%2Fwp%2Fv2%2Fcategories&post=4851"},{"taxonomy":"post_tag","embeddable":true,"href":"http:\/\/spprzysieki.pl\/index.php?rest_route=%2Fwp%2Fv2%2Ftags&post=4851"}],"curies":[{"name":"wp","href":"https:\/\/api.w.org\/{rel}","templated":true}]}}