{"id":4853,"date":"2025-10-26T15:42:47","date_gmt":"2025-10-26T15:42:47","guid":{"rendered":"http:\/\/spprzysieki.pl\/?p=4853"},"modified":"2025-11-16T15:43:09","modified_gmt":"2025-11-16T15:43:09","slug":"turniej-pilkarski-klas-i-iii","status":"publish","type":"post","link":"http:\/\/spprzysieki.pl\/?p=4853","title":{"rendered":"Turniej pi\u0142karski klas I-III"},"content":{"rendered":"<div><span class=\"gwp3e4fe063_font\"><span class=\"gwp3e4fe063_size\">W <\/span><\/span>dniu 24.10. 2025r. w Szkole Podstawowej w Przysiekach odby\u0142y si\u0119 zawody sportowe!<\/div>\n<div class=\"gwp3e4fe063_xdj266r gwp3e4fe063_x14z9mp gwp3e4fe063_xat24cr gwp3e4fe063_x1lziwak gwp3e4fe063_x1vvkbs gwp3e4fe063_x126k92a\">\n<div dir=\"auto\">Uczniowie klas I-III z naszej gminy wzi\u0119li udzia\u0142 w Turnieju pi\u0142ki no\u017cnej halowej o Puchar W\u00f3jta Gminy Sko\u0142yszyn.<\/div>\n<div dir=\"auto\">Zawody zosta\u0142y rozegrane na wysokim poziomie. By\u0142y &#8222;pi\u0119kne bramki&#8221;, walka do ostatniego gwizdka, wylany pot i \u0142zy.<\/div>\n<\/div>\n<div class=\"gwp3e4fe063_x14z9mp gwp3e4fe063_xat24cr gwp3e4fe063_x1lziwak gwp3e4fe063_x1vvkbs gwp3e4fe063_xtlvy1s gwp3e4fe063_x126k92a\">\n<div dir=\"auto\">Gratulujemy wszystkim dru\u017cynom.<\/div>\n<div dir=\"auto\">Klasyfikacja ko\u0144cowa:<\/div>\n<div dir=\"auto\">1 miejsce SP Przysieki<\/div>\n<div dir=\"auto\">2 miejsce SP Sko\u0142yszyn<\/div>\n<div dir=\"auto\">3 miejsce SP B\u0105czal Dolny<\/div>\n<div dir=\"auto\">4 miejsce SP Jab\u0142onica<\/div>\n<div dir=\"auto\">5 miejsce SP \u015awi\u0119cany<\/div>\n<\/div>\n<div class=\"gwp3e4fe063_x14z9mp gwp3e4fe063_xat24cr gwp3e4fe063_x1lziwak gwp3e4fe063_x1vvkbs gwp3e4fe063_xtlvy1s gwp3e4fe063_x126k92a\">\n<div dir=\"auto\">Gratulacje dla zwyci\u0119zc\u00f3w, ale tak\u017ce dla wszystkich uczestnik\u00f3w zawod\u00f3w.<\/div>\n<div dir=\"auto\">Nasz\u0105 szko\u0142\u0119 reprezentowali:<\/div>\n<div dir=\"auto\">Oliwier Nabo\u017cny, kt\u00f3ry okaza\u0142 si\u0119 najlepszym bramkarzem turnieju<\/div>\n<div dir=\"auto\">\u015aliwecki Filip<\/div>\n<div dir=\"auto\">Aleks Ho\u0142da<\/div>\n<div dir=\"auto\">Norbert Zubel<\/div>\n<div dir=\"auto\">Miko\u0142aj Jasiczek<\/div>\n<div dir=\"auto\">Miko\u0142aj Mazur<\/div>\n<div dir=\"auto\">Filip \u015aliwecki<\/div>\n<div dir=\"auto\">Ignacy Skelnik<\/div>\n<div dir=\"auto\">Kacper Klisiewicz<\/div>\n<div dir=\"auto\">Szymon Gogola<\/div>\n<div dir=\"auto\">Szymczakowski Micha\u0142<\/div>\n<\/div>\n<div>&nbsp;<\/div>\n<p><!--more--><\/p>\n","protected":false},"excerpt":{"rendered":"<p>W dniu 24.10. 2025r. w Szkole Podstawowej w Przysiekach odby\u0142y si\u0119 zawody sportowe! Uczniowie klas I-III z naszej gminy wzi\u0119li udzia\u0142 w Turnieju pi\u0142ki no\u017cnej halowej o Puchar W\u00f3jta Gminy Sko\u0142yszyn. Zawody zosta\u0142y rozegrane na wysokim poziomie. By\u0142y &#8222;pi\u0119kne bramki&#8221;, walka do ostatniego gwizdka, wylany pot i \u0142zy. Gratulujemy wszystkim dru\u017cynom. Klasyfikacja ko\u0144cowa: 1 miejsce &hellip; <\/p>\n<p><a class=\"more-link btn\" href=\"http:\/\/spprzysieki.pl\/?p=4853\">Kontynuuj czytanie<\/a><\/p>\n","protected":false},"author":1,"featured_media":0,"comment_status":"closed","ping_status":"closed","sticky":false,"template":"","format":"standard","meta":{"ngg_post_thumbnail":0},"categories":[6],"tags":[],"_links":{"self":[{"href":"http:\/\/spprzysieki.pl\/index.php?rest_route=\/wp\/v2\/posts\/4853"}],"collection":[{"href":"http:\/\/spprzysieki.pl\/index.php?rest_route=\/wp\/v2\/posts"}],"about":[{"href":"http:\/\/spprzysieki.pl\/index.php?rest_route=\/wp\/v2\/types\/post"}],"author":[{"embeddable":true,"href":"http:\/\/spprzysieki.pl\/index.php?rest_route=\/wp\/v2\/users\/1"}],"replies":[{"embeddable":true,"href":"http:\/\/spprzysieki.pl\/index.php?rest_route=%2Fwp%2Fv2%2Fcomments&post=4853"}],"version-history":[{"count":1,"href":"http:\/\/spprzysieki.pl\/index.php?rest_route=\/wp\/v2\/posts\/4853\/revisions"}],"predecessor-version":[{"id":4854,"href":"http:\/\/spprzysieki.pl\/index.php?rest_route=\/wp\/v2\/posts\/4853\/revisions\/4854"}],"wp:attachment":[{"href":"http:\/\/spprzysieki.pl\/index.php?rest_route=%2Fwp%2Fv2%2Fmedia&parent=4853"}],"wp:term":[{"taxonomy":"category","embeddable":true,"href":"http:\/\/spprzysieki.pl\/index.php?rest_route=%2Fwp%2Fv2%2Fcategories&post=4853"},{"taxonomy":"post_tag","embeddable":true,"href":"http:\/\/spprzysieki.pl\/index.php?rest_route=%2Fwp%2Fv2%2Ftags&post=4853"}],"curies":[{"name":"wp","href":"https:\/\/api.w.org\/{rel}","templated":true}]}}